{"id":4120,"date":"2015-07-11T06:00:22","date_gmt":"2015-07-11T06:00:22","guid":{"rendered":"http:\/\/fotosnet.de\/?p=4120"},"modified":"2020-12-01T08:47:37","modified_gmt":"2020-12-01T08:47:37","slug":"ground-zero-911-manhattan-new-york","status":"publish","type":"post","link":"http:\/\/nyc.fotosnet.de\/?p=4120","title":{"rendered":"Ground Zero 9\/11 Manhattan New York"},"content":{"rendered":"<p><a href=\"http:\/\/fotosnet.de\/wp-content\/uploads\/2015\/07\/image89.jpg\" data-rel=\"lightbox-gallery-ZLPMXFys\" data-rl_title=\"\" data-rl_caption=\"\" title=\"\"><img loading=\"lazy\" decoding=\"async\" class=\"aligncenter size-full wp-image-4110\" alt=\"image\" src=\"http:\/\/fotosnet.de\/wp-content\/uploads\/2015\/07\/image89.jpg\" width=\"1216\" height=\"1824\" \/><\/a><\/p>\n<p>World Trade Center Memorial. Ein spektakul\u00e4rer Ort in einer eigenen Umgebung. Eine Gedenkst\u00e4tte und ein Neuanfang.<\/p>\n<p><a href=\"http:\/\/fotosnet.de\/wp-content\/uploads\/2015\/07\/image90.jpg\" data-rel=\"lightbox-gallery-ZLPMXFys\" data-rl_title=\"\" data-rl_caption=\"\" title=\"\"><img loading=\"lazy\" decoding=\"async\" class=\"aligncenter size-full wp-image-4111\" alt=\"image\" src=\"http:\/\/fotosnet.de\/wp-content\/uploads\/2015\/07\/image90.jpg\" width=\"1835\" height=\"1199\" \/><\/a><\/p>\n<p><a href=\"http:\/\/fotosnet.de\/wp-content\/uploads\/2015\/07\/image91.jpg\" data-rel=\"lightbox-gallery-ZLPMXFys\" data-rl_title=\"\" data-rl_caption=\"\" title=\"\"><img loading=\"lazy\" decoding=\"async\" class=\"aligncenter size-full wp-image-4112\" alt=\"image\" src=\"http:\/\/fotosnet.de\/wp-content\/uploads\/2015\/07\/image91.jpg\" width=\"1781\" height=\"1250\" \/><\/a><\/p>\n<p><a href=\"http:\/\/fotosnet.de\/wp-content\/uploads\/2015\/07\/image92.jpg\" data-rel=\"lightbox-gallery-ZLPMXFys\" data-rl_title=\"\" data-rl_caption=\"\" title=\"\"><img loading=\"lazy\" decoding=\"async\" class=\"aligncenter size-full wp-image-4113\" alt=\"image\" src=\"http:\/\/fotosnet.de\/wp-content\/uploads\/2015\/07\/image92.jpg\" width=\"1859\" height=\"1196\" \/><\/a><\/p>\n<p><a href=\"http:\/\/fotosnet.de\/wp-content\/uploads\/2015\/07\/image93.jpg\" data-rel=\"lightbox-gallery-ZLPMXFys\" data-rl_title=\"\" data-rl_caption=\"\" title=\"\"><img loading=\"lazy\" decoding=\"async\" class=\"aligncenter size-full wp-image-4114\" alt=\"image\" src=\"http:\/\/fotosnet.de\/wp-content\/uploads\/2015\/07\/image93.jpg\" width=\"1920\" height=\"1280\" \/><\/a><\/p>\n<p>One World Trade Center. Das Center ist 541,3 Meter hoch und das h\u00f6chste Geb\u00e4ude der Vereinigten Staaten sowie das vierth\u00f6chste der Welt. Fertiggestellt wurde das Bauwerk Im November 2014, als auch erste Mieter die B\u00fcros bezogen. Aussichtsetage und ein Restaurant in den obersten Etagen wurden Im Mai 2015 er\u00f6ffnet.<\/p>\n<p><a href=\"http:\/\/fotosnet.de\/wp-content\/uploads\/2015\/07\/image94.jpg\" data-rel=\"lightbox-gallery-ZLPMXFys\" data-rl_title=\"\" data-rl_caption=\"\" title=\"\"><img loading=\"lazy\" decoding=\"async\" class=\"aligncenter size-full wp-image-4115\" alt=\"image\" src=\"http:\/\/fotosnet.de\/wp-content\/uploads\/2015\/07\/image94.jpg\" width=\"1170\" height=\"1776\" \/><\/a><\/p>\n<p><a href=\"http:\/\/fotosnet.de\/wp-content\/uploads\/2015\/07\/image95.jpg\" data-rel=\"lightbox-gallery-ZLPMXFys\" data-rl_title=\"\" data-rl_caption=\"\" title=\"\"><img loading=\"lazy\" decoding=\"async\" class=\"aligncenter size-full wp-image-4116\" alt=\"image\" src=\"http:\/\/fotosnet.de\/wp-content\/uploads\/2015\/07\/image95.jpg\" width=\"1150\" height=\"1627\" \/><\/a><\/p>\n<p><a href=\"http:\/\/fotosnet.de\/wp-content\/uploads\/2015\/07\/image97.jpg\" data-rel=\"lightbox-gallery-ZLPMXFys\" data-rl_title=\"\" data-rl_caption=\"\" title=\"\"><img loading=\"lazy\" decoding=\"async\" class=\"aligncenter size-full wp-image-4118\" alt=\"image\" src=\"http:\/\/fotosnet.de\/wp-content\/uploads\/2015\/07\/image97.jpg\" width=\"1644\" height=\"981\" \/><\/a><\/p>\n","protected":false},"excerpt":{"rendered":"<p>World Trade Center Memorial. Ein spektakul\u00e4rer Ort in einer eigenen Umgebung. Eine Gedenkst\u00e4tte und ein Neuanfang. One World Trade Center. Das Center ist 541,3 Meter hoch und das h\u00f6chste Geb\u00e4ude der Vereinigten Staaten sowie&#46;&#46;&#46;<\/p>\n","protected":false},"author":1,"featured_media":4931,"comment_status":"closed","ping_status":"open","sticky":false,"template":"","format":"standard","meta":{"footnotes":""},"categories":[3,5],"tags":[],"class_list":["post-4120","post","type-post","status-publish","format-standard","has-post-thumbnail","hentry","category-new-york","category-dailydosefoto"],"_links":{"self":[{"href":"http:\/\/nyc.fotosnet.de\/index.php?rest_route=\/wp\/v2\/posts\/4120","targetHints":{"allow":["GET"]}}],"collection":[{"href":"http:\/\/nyc.fotosnet.de\/index.php?rest_route=\/wp\/v2\/posts"}],"about":[{"href":"http:\/\/nyc.fotosnet.de\/index.php?rest_route=\/wp\/v2\/types\/post"}],"author":[{"embeddable":true,"href":"http:\/\/nyc.fotosnet.de\/index.php?rest_route=\/wp\/v2\/users\/1"}],"replies":[{"embeddable":true,"href":"http:\/\/nyc.fotosnet.de\/index.php?rest_route=%2Fwp%2Fv2%2Fcomments&post=4120"}],"version-history":[{"count":1,"href":"http:\/\/nyc.fotosnet.de\/index.php?rest_route=\/wp\/v2\/posts\/4120\/revisions"}],"predecessor-version":[{"id":4932,"href":"http:\/\/nyc.fotosnet.de\/index.php?rest_route=\/wp\/v2\/posts\/4120\/revisions\/4932"}],"wp:featuredmedia":[{"embeddable":true,"href":"http:\/\/nyc.fotosnet.de\/index.php?rest_route=\/wp\/v2\/media\/4931"}],"wp:attachment":[{"href":"http:\/\/nyc.fotosnet.de\/index.php?rest_route=%2Fwp%2Fv2%2Fmedia&parent=4120"}],"wp:term":[{"taxonomy":"category","embeddable":true,"href":"http:\/\/nyc.fotosnet.de\/index.php?rest_route=%2Fwp%2Fv2%2Fcategories&post=4120"},{"taxonomy":"post_tag","embeddable":true,"href":"http:\/\/nyc.fotosnet.de\/index.php?rest_route=%2Fwp%2Fv2%2Ftags&post=4120"}],"curies":[{"name":"wp","href":"https:\/\/api.w.org\/{rel}","templated":true}]}}